{"id":5490,"date":"2025-08-31T16:33:07","date_gmt":"2025-08-31T14:33:07","guid":{"rendered":"https:\/\/ligueechecsgrandest.fr\/?p=5490"},"modified":"2025-08-31T16:35:06","modified_gmt":"2025-08-31T14:35:06","slug":"foire-de-chalons-en-champagne-les-conferences-de-lechiquier-chalonnais","status":"publish","type":"post","link":"https:\/\/ligueechecsgrandest.fr\/?p=5490","title":{"rendered":"Foire de Ch\u00e2lons en Champagne &#8211; Les conf\u00e9rences de L&rsquo;Echiquier Ch\u00e2lonnais"},"content":{"rendered":"<p>Ev\u00e8nement incontournable de la rentr\u00e9e, la Foire de Ch\u00e2lons accueillera, le samedi 06 septembre, trois conf\u00e9rences en lien avec les \u00e9checs, organis\u00e9es par L&rsquo;Echiquier Ch\u00e2lonnais.<\/p>\n<p>De 11H00 \u00e0 12H00 &#8211; Strat\u00e9gie d&rsquo;entreprise : Ce que le jeu d&rsquo;\u00e9checs peut vous apprendre &#8211; Vision, analyse, d\u00e9cision : Inspirez-vous du jeu pour mieux entreprendre<\/p>\n<p style=\"text-align: center;\"><img loading=\"lazy\" decoding=\"async\" class=\"alignnone wp-image-5491\" src=\"http:\/\/ligueechecsgrandest.fr\/wp-content\/uploads\/2025\/08\/Affiche-conference-entreprise-213x300.jpg\" alt=\"\" width=\"411\" height=\"579\" srcset=\"https:\/\/ligueechecsgrandest.fr\/wp-content\/uploads\/2025\/08\/Affiche-conference-entreprise-213x300.jpg 213w, https:\/\/ligueechecsgrandest.fr\/wp-content\/uploads\/2025\/08\/Affiche-conference-entreprise-728x1024.jpg 728w, https:\/\/ligueechecsgrandest.fr\/wp-content\/uploads\/2025\/08\/Affiche-conference-entreprise-768x1080.jpg 768w, https:\/\/ligueechecsgrandest.fr\/wp-content\/uploads\/2025\/08\/Affiche-conference-entreprise-1092x1536.jpg 1092w, https:\/\/ligueechecsgrandest.fr\/wp-content\/uploads\/2025\/08\/Affiche-conference-entreprise-1456x2048.jpg 1456w, https:\/\/ligueechecsgrandest.fr\/wp-content\/uploads\/2025\/08\/Affiche-conference-entreprise-scaled.jpg 1820w\" sizes=\"auto, (max-width: 411px) 100vw, 411px\" \/><\/p>\n<p>De 14H00 \u00e0 15H30 &#8211; Le jeu d&rsquo;Echecs, vecteur de d\u00e9veloppement pour les personnes avec troubles du spectre autistique<\/p>\n<p><img loading=\"lazy\" decoding=\"async\" class=\"wp-image-5492 aligncenter\" src=\"http:\/\/ligueechecsgrandest.fr\/wp-content\/uploads\/2025\/08\/Affiche-conference-Chess-Autisme-213x300.jpg\" alt=\"\" width=\"413\" height=\"582\" srcset=\"https:\/\/ligueechecsgrandest.fr\/wp-content\/uploads\/2025\/08\/Affiche-conference-Chess-Autisme-213x300.jpg 213w, https:\/\/ligueechecsgrandest.fr\/wp-content\/uploads\/2025\/08\/Affiche-conference-Chess-Autisme-728x1024.jpg 728w, https:\/\/ligueechecsgrandest.fr\/wp-content\/uploads\/2025\/08\/Affiche-conference-Chess-Autisme-768x1080.jpg 768w, https:\/\/ligueechecsgrandest.fr\/wp-content\/uploads\/2025\/08\/Affiche-conference-Chess-Autisme-1092x1536.jpg 1092w, https:\/\/ligueechecsgrandest.fr\/wp-content\/uploads\/2025\/08\/Affiche-conference-Chess-Autisme-1456x2048.jpg 1456w, https:\/\/ligueechecsgrandest.fr\/wp-content\/uploads\/2025\/08\/Affiche-conference-Chess-Autisme-scaled.jpg 1820w\" sizes=\"auto, (max-width: 413px) 100vw, 413px\" \/><\/p>\n<p>De 16H00 \u00e0 17H00 &#8211; En route vers la Coupe du Monde avec le parcours inspirant de Paul Velten<\/p>\n<p style=\"text-align: center;\"><img loading=\"lazy\" decoding=\"async\" class=\"alignnone wp-image-5493\" src=\"http:\/\/ligueechecsgrandest.fr\/wp-content\/uploads\/2025\/08\/Affiche-Conference-Paul-213x300.jpg\" alt=\"\" width=\"393\" height=\"553\" srcset=\"https:\/\/ligueechecsgrandest.fr\/wp-content\/uploads\/2025\/08\/Affiche-Conference-Paul-213x300.jpg 213w, https:\/\/ligueechecsgrandest.fr\/wp-content\/uploads\/2025\/08\/Affiche-Conference-Paul-728x1024.jpg 728w, https:\/\/ligueechecsgrandest.fr\/wp-content\/uploads\/2025\/08\/Affiche-Conference-Paul-768x1080.jpg 768w, https:\/\/ligueechecsgrandest.fr\/wp-content\/uploads\/2025\/08\/Affiche-Conference-Paul-1092x1536.jpg 1092w, https:\/\/ligueechecsgrandest.fr\/wp-content\/uploads\/2025\/08\/Affiche-Conference-Paul-1456x2048.jpg 1456w, https:\/\/ligueechecsgrandest.fr\/wp-content\/uploads\/2025\/08\/Affiche-Conference-Paul-scaled.jpg 1820w\" sizes=\"auto, (max-width: 393px) 100vw, 393px\" \/><\/p>\n<p>Toutes les infos sur le site de L&rsquo;Echiquier Ch\u00e2lonnais : <a href=\"https:\/\/www.lechiquier-chalonnais.com\/nos-%C3%A9v%C3%A8nements\/animations-%C3%A0-la-foire\">https:\/\/www.lechiquier-chalonnais.com\/nos-%C3%A9v%C3%A8nements\/animations-%C3%A0-la-foire<\/a><\/p>\n<p>Le site de la Foire de Ch\u00e2lons : <a href=\"https:\/\/foiredechalons.com\/\">https:\/\/foiredechalons.com\/<\/a><\/p>\n<p>______________________________________________________________<\/p>\n","protected":false},"excerpt":{"rendered":"<p>Ev\u00e8nement incontournable de la rentr\u00e9e, la Foire de Ch\u00e2lons accueillera, le samedi 06 septembre, trois conf\u00e9rences en lien avec les \u00e9checs, organis\u00e9es par L&rsquo;Echiquier Ch\u00e2lonnais. De 11H00 \u00e0 12H00 &#8211; Strat\u00e9gie d&rsquo;entreprise : Ce que le jeu d&rsquo;\u00e9checs peut vous &hellip; <a href=\"https:\/\/ligueechecsgrandest.fr\/?p=5490\">Continuer la lecture <span class=\"meta-nav\">&rarr;<\/span><\/a><\/p>\n","protected":false},"author":3,"featured_media":0,"comment_status":"closed","ping_status":"closed","sticky":false,"template":"","format":"standard","meta":{"_EventAllDay":false,"_EventTimezone":"","_EventStartDate":"","_EventEndDate":"","_EventStartDateUTC":"","_EventEndDateUTC":"","_EventShowMap":false,"_EventShowMapLink":false,"_EventURL":"","_EventCost":"","_EventCostDescription":"","_EventCurrencySymbol":"","_EventCurrencyCode":"","_EventCurrencyPosition":"","_EventDateTimeSeparator":"","_EventTimeRangeSeparator":"","_EventOrganizerID":[],"_EventVenueID":[],"_OrganizerEmail":"","_OrganizerPhone":"","_OrganizerWebsite":"","_VenueAddress":"","_VenueCity":"","_VenueCountry":"","_VenueProvince":"","_VenueState":"","_VenueZip":"","_VenuePhone":"","_VenueURL":"","_VenueStateProvince":"","_VenueLat":"","_VenueLng":"","_VenueShowMap":false,"_VenueShowMapLink":false,"footnotes":""},"categories":[1],"tags":[],"class_list":["post-5490","post","type-post","status-publish","format-standard","hentry","category-non-classe"],"aioseo_notices":[],"_links":{"self":[{"href":"https:\/\/ligueechecsgrandest.fr\/index.php?rest_route=\/wp\/v2\/posts\/5490","targetHints":{"allow":["GET"]}}],"collection":[{"href":"https:\/\/ligueechecsgrandest.fr\/index.php?rest_route=\/wp\/v2\/posts"}],"about":[{"href":"https:\/\/ligueechecsgrandest.fr\/index.php?rest_route=\/wp\/v2\/types\/post"}],"author":[{"embeddable":true,"href":"https:\/\/ligueechecsgrandest.fr\/index.php?rest_route=\/wp\/v2\/users\/3"}],"replies":[{"embeddable":true,"href":"https:\/\/ligueechecsgrandest.fr\/index.php?rest_route=%2Fwp%2Fv2%2Fcomments&post=5490"}],"version-history":[{"count":3,"href":"https:\/\/ligueechecsgrandest.fr\/index.php?rest_route=\/wp\/v2\/posts\/5490\/revisions"}],"predecessor-version":[{"id":5496,"href":"https:\/\/ligueechecsgrandest.fr\/index.php?rest_route=\/wp\/v2\/posts\/5490\/revisions\/5496"}],"wp:attachment":[{"href":"https:\/\/ligueechecsgrandest.fr\/index.php?rest_route=%2Fwp%2Fv2%2Fmedia&parent=5490"}],"wp:term":[{"taxonomy":"category","embeddable":true,"href":"https:\/\/ligueechecsgrandest.fr\/index.php?rest_route=%2Fwp%2Fv2%2Fcategories&post=5490"},{"taxonomy":"post_tag","embeddable":true,"href":"https:\/\/ligueechecsgrandest.fr\/index.php?rest_route=%2Fwp%2Fv2%2Ftags&post=5490"}],"curies":[{"name":"wp","href":"https:\/\/api.w.org\/{rel}","templated":true}]}}