{"id":5429,"date":"2025-08-22T11:04:04","date_gmt":"2025-08-22T09:04:04","guid":{"rendered":"https:\/\/ligueechecsgrandest.fr\/?p=5429"},"modified":"2025-08-22T11:08:02","modified_gmt":"2025-08-22T09:08:02","slug":"objectif-podium-pour-anastasia-savina-au-national-feminin","status":"publish","type":"post","link":"https:\/\/ligueechecsgrandest.fr\/?p=5429","title":{"rendered":"Objectif podium pour Anastasia Savina au National F\u00e9minin"},"content":{"rendered":"<p style=\"text-align: center;\"><img loading=\"lazy\" decoding=\"async\" class=\"alignnone size-medium wp-image-5431 alignleft\" src=\"http:\/\/ligueechecsgrandest.fr\/wp-content\/uploads\/2025\/08\/savina-238x300.jpg\" alt=\"\" width=\"238\" height=\"300\" srcset=\"https:\/\/ligueechecsgrandest.fr\/wp-content\/uploads\/2025\/08\/savina-238x300.jpg 238w, https:\/\/ligueechecsgrandest.fr\/wp-content\/uploads\/2025\/08\/savina.jpg 351w\" sizes=\"auto, (max-width: 238px) 100vw, 238px\" \/><\/p>\n<p>La demi-finale du National F\u00e9minin face \u00e0 Yosha Iglesias n&rsquo;a pas tourn\u00e9 en faveur d&rsquo;Anastasia Savina d\u00e9faite sur le premier match avant d&rsquo;accrocher le nul lors du match retour. Place d\u00e9sormais \u00e0 la petite finale contre Deimante Daulyte-Cornette pour gagner une place sur le podium.<\/p>\n<p>Suivez le parcours des joueurs de notre Ligue sur le site d\u00e9di\u00e9 : <a href=\"https:\/\/vichy2025.ffechecs.org\/\">https:\/\/vichy2025.ffechecs.org\/<\/a><\/p>\n<p>Championnats de France f\u00e9minin :\u00a0 <a href=\"https:\/\/vichy2025.ffechecs.org\/resultats-des-demi-finales\/\">https:\/\/vichy2025.ffechecs.org\/resultats-des-demi-finales\/<\/a><\/p>\n<p>Championnats de France mixte : <a href=\"https:\/\/vichy2025.ffechecs.org\/resultats-des-demi-finales\/\">https:\/\/vichy2025.ffechecs.org\/resultats-des-demi-finales\/<\/a><\/p>\n<p>Accession Roger Ferry :\u00a0<a href=\"https:\/\/www.echecs.asso.fr\/FicheTournoi.aspx?Ref=67714\">https:\/\/www.echecs.asso.fr\/FicheTournoi.aspx?Ref=67714<\/a><\/p>\n<p>Open A :\u00a0<a href=\"https:\/\/www.echecs.asso.fr\/FicheTournoi.aspx?Ref=67717\">https:\/\/www.echecs.asso.fr\/FicheTournoi.aspx?Ref=67717<\/a><\/p>\n<p>Open B :\u00a0<a href=\"https:\/\/www.echecs.asso.fr\/FicheTournoi.aspx?Ref=67718\">https:\/\/www.echecs.asso.fr\/FicheTournoi.aspx?Ref=67718<\/a><\/p>\n<p>Open C :\u00a0<a href=\"https:\/\/www.echecs.asso.fr\/FicheTournoi.aspx?Ref=67719\">https:\/\/www.echecs.asso.fr\/FicheTournoi.aspx?Ref=67719<\/a><\/p>\n<p>Open D :\u00a0<a href=\"https:\/\/www.echecs.asso.fr\/FicheTournoi.aspx?Ref=67720\">https:\/\/www.echecs.asso.fr\/FicheTournoi.aspx?Ref=67720<\/a><\/p>\n<p>Open E :\u00a0<a href=\"https:\/\/www.echecs.asso.fr\/FicheTournoi.aspx?Ref=67721\">https:\/\/www.echecs.asso.fr\/FicheTournoi.aspx?Ref=67721<\/a><\/p>\n<p>Senior Plus :\u00a0<a href=\"https:\/\/www.echecs.asso.fr\/FicheTournoi.aspx?Ref=67715\">https:\/\/www.echecs.asso.fr\/FicheTournoi.aspx?Ref=67715<\/a><\/p>\n<p>V\u00e9t\u00e9rans :\u00a0<a href=\"https:\/\/www.echecs.asso.fr\/FicheTournoi.aspx?Ref=67716\">https:\/\/www.echecs.asso.fr\/FicheTournoi.aspx?Ref=67716<\/a><\/p>\n<p><em>Cr\u00e9dit Photo : FFE<\/em><\/p>\n<p>______________________________________________________________<\/p>\n","protected":false},"excerpt":{"rendered":"<p>La demi-finale du National F\u00e9minin face \u00e0 Yosha Iglesias n&rsquo;a pas tourn\u00e9 en faveur d&rsquo;Anastasia Savina d\u00e9faite sur le premier match avant d&rsquo;accrocher le nul lors du match retour. Place d\u00e9sormais \u00e0 la petite finale contre Deimante Daulyte-Cornette pour gagner &hellip; <a href=\"https:\/\/ligueechecsgrandest.fr\/?p=5429\">Continuer la lecture <span class=\"meta-nav\">&rarr;<\/span><\/a><\/p>\n","protected":false},"author":3,"featured_media":0,"comment_status":"closed","ping_status":"closed","sticky":false,"template":"","format":"standard","meta":{"_EventAllDay":false,"_EventTimezone":"","_EventStartDate":"","_EventEndDate":"","_EventStartDateUTC":"","_EventEndDateUTC":"","_EventShowMap":false,"_EventShowMapLink":false,"_EventURL":"","_EventCost":"","_EventCostDescription":"","_EventCurrencySymbol":"","_EventCurrencyCode":"","_EventCurrencyPosition":"","_EventDateTimeSeparator":"","_EventTimeRangeSeparator":"","_EventOrganizerID":[],"_EventVenueID":[],"_OrganizerEmail":"","_OrganizerPhone":"","_OrganizerWebsite":"","_VenueAddress":"","_VenueCity":"","_VenueCountry":"","_VenueProvince":"","_VenueState":"","_VenueZip":"","_VenuePhone":"","_VenueURL":"","_VenueStateProvince":"","_VenueLat":"","_VenueLng":"","_VenueShowMap":false,"_VenueShowMapLink":false,"footnotes":""},"categories":[1],"tags":[],"class_list":["post-5429","post","type-post","status-publish","format-standard","hentry","category-non-classe"],"aioseo_notices":[],"_links":{"self":[{"href":"https:\/\/ligueechecsgrandest.fr\/index.php?rest_route=\/wp\/v2\/posts\/5429","targetHints":{"allow":["GET"]}}],"collection":[{"href":"https:\/\/ligueechecsgrandest.fr\/index.php?rest_route=\/wp\/v2\/posts"}],"about":[{"href":"https:\/\/ligueechecsgrandest.fr\/index.php?rest_route=\/wp\/v2\/types\/post"}],"author":[{"embeddable":true,"href":"https:\/\/ligueechecsgrandest.fr\/index.php?rest_route=\/wp\/v2\/users\/3"}],"replies":[{"embeddable":true,"href":"https:\/\/ligueechecsgrandest.fr\/index.php?rest_route=%2Fwp%2Fv2%2Fcomments&post=5429"}],"version-history":[{"count":3,"href":"https:\/\/ligueechecsgrandest.fr\/index.php?rest_route=\/wp\/v2\/posts\/5429\/revisions"}],"predecessor-version":[{"id":5433,"href":"https:\/\/ligueechecsgrandest.fr\/index.php?rest_route=\/wp\/v2\/posts\/5429\/revisions\/5433"}],"wp:attachment":[{"href":"https:\/\/ligueechecsgrandest.fr\/index.php?rest_route=%2Fwp%2Fv2%2Fmedia&parent=5429"}],"wp:term":[{"taxonomy":"category","embeddable":true,"href":"https:\/\/ligueechecsgrandest.fr\/index.php?rest_route=%2Fwp%2Fv2%2Fcategories&post=5429"},{"taxonomy":"post_tag","embeddable":true,"href":"https:\/\/ligueechecsgrandest.fr\/index.php?rest_route=%2Fwp%2Fv2%2Ftags&post=5429"}],"curies":[{"name":"wp","href":"https:\/\/api.w.org\/{rel}","templated":true}]}}