{"id":5272,"date":"2025-07-12T09:20:37","date_gmt":"2025-07-12T07:20:37","guid":{"rendered":"https:\/\/ligueechecsgrandest.fr\/?p=5272"},"modified":"2025-07-12T20:15:17","modified_gmt":"2025-07-12T18:15:17","slug":"infolege-4-le-bulletin-de-la-ligue-des-echecs-du-grand-est","status":"publish","type":"post","link":"https:\/\/ligueechecsgrandest.fr\/?p=5272","title":{"rendered":"INFOLEGE #4 &#8211; Le bulletin de la Ligue des Echecs du Grand Est"},"content":{"rendered":"<p><img loading=\"lazy\" decoding=\"async\" class=\"size-medium wp-image-5273 alignleft\" src=\"http:\/\/ligueechecsgrandest.fr\/wp-content\/uploads\/2025\/07\/infologe4-300x235.jpg\" alt=\"\" width=\"300\" height=\"235\" srcset=\"https:\/\/ligueechecsgrandest.fr\/wp-content\/uploads\/2025\/07\/infologe4-300x235.jpg 300w, https:\/\/ligueechecsgrandest.fr\/wp-content\/uploads\/2025\/07\/infologe4.jpg 492w\" sizes=\"auto, (max-width: 300px) 100vw, 300px\" \/><\/p>\n<p>Ch\u00e8res amies, Chers amis,<\/p>\n<p>Nous entrons dans la p\u00e9riode estivale et notre saison touche \u00e0 sa fin et combien de choses ont \u00e9t\u00e9 r\u00e9alis\u00e9es par la nouvelle \u00e9quipe en place. Je remercie tous mes colistiers pour leur implication et la prise en main de leurs secteurs, un pas apr\u00e8s l\u2019autre nous progressons.<\/p>\n<p>Chaque responsable est \u00e0 sa place et \u00e0 votre \u00e9coute si vous avez des id\u00e9es ou des pr\u00e9occupations, vous pouvez retrouver tous les contacts des commissions sur le site de la LEGE. En parlant de site, nous travaillons \u00e0 sa nouvelle version que nous esp\u00e9rons voir sortir \u00e0 la rentr\u00e9e, mais revenons sur nos r\u00e9alisations depuis le d\u00e9but de l\u2019ann\u00e9e\u00a0:<\/p>\n<ul>\n<li>Tout d\u2019abord la tenue de nos comp\u00e9titions f\u00e9d\u00e9rales avec\u00a0<strong>Marc <\/strong>et ses directeurs de groupes qui animent les comp\u00e9titions interclubs<\/li>\n<li>La communication n\u2019a jamais \u00e9t\u00e9 plus active avec\u00a0<strong>St\u00e9phane<\/strong>, site, r\u00e9seaux sociaux, bulletin, si vous souhaitez contribuer n\u2019h\u00e9sitez pas \u00e0 le contacter pour vos annonces, ou si vous avez des id\u00e9es d\u2019article.<\/li>\n<li>De la formation, que ce soit \u00e0 l\u2019arbitrage ou chez les animateurs, stages d\u2019arbitrage initiaux, continue, animateurs, initiateurs,\u00a0<strong>Jordan<\/strong>,\u00a0<strong>Antoine<\/strong>\u00a0et\u00a0<strong>J\u00e9r\u00f4me<\/strong>\u00a0sont \u00e0 votre disposition si vous avez besoin. Nous mettrons en place sur le nouveau site des outils pour s\u2019inscrire en continue \u00e0 des souhaits de stage.<\/li>\n<li>Les aides de la LEGE revues et nous travaillons \u00e0 faciliter le processus avec\u00a0<strong>Simon <\/strong>notre nouveau tr\u00e9sorier.<\/li>\n<li>Les nouvelles comp\u00e9titions de la LEGE, exp\u00e9riment\u00e9es cette ann\u00e9e et elles continueront l\u2019ann\u00e9e prochaine avec\u00a0<strong>Dominique <\/strong>avec qui nous allons pr\u00e9parer les cahiers des charges<\/li>\n<li>La pratique f\u00e9minine avec\u00a0<strong>Gabrielle<\/strong>, notre Championnat f\u00e9minin cette ann\u00e9e et pour la saison \u00e0 venir des stages de formation avec une s\u00e9lection de joueuses.<\/li>\n<li>Les jeunes avec\u00a0<strong>Julien<\/strong>, la commission Jeunes va mettre en place un p\u00f4le espoirs r\u00e9gional de 30 \u00e0 40 jeunes qui recevront un soutien en formation d\u2019octobre au prochain Championnat de France Jeunes en compl\u00e9ment de ceux s\u00e9lectionn\u00e9s au Plan de Performance F\u00e9d\u00e9ral<\/li>\n<li>Et les autres commissions qui se mettent en place et pr\u00e9parent leurs premiers travaux au Handicap, l\u2019inclusion et le m\u00e9dical (<strong>C\u00e9line <\/strong>et\u00a0<strong>Lucie<\/strong>), le marketing et les partenariats sur lesquels nous travaillerons intens\u00e9ment la saison prochaine avec\u00a0<strong>Aude<\/strong>, les relations avec les CDJE et les comp\u00e9titions d\u00e9l\u00e9gu\u00e9es avec\u00a0<strong>Delphine<\/strong>\u00a0et notre secr\u00e9taire g\u00e9n\u00e9rale\u00a0<strong>C\u00e9cile<\/strong>, travailleuse de l\u2019ombre mais essentielle \u00e0 notre fonctionnement administratif.<\/li>\n<\/ul>\n<p>Vous le voyez, je ne suis pas seul, c\u2019est bien toute une \u00e9quipe qui est \u00e0 votre service, aussi j\u2019esp\u00e8re que vous r\u00e9serverez votre meilleur accueil \u00e0 leurs initiatives, car sans vous, nos actions ne servent \u00e0 personne.<\/p>\n<p>Je vous souhaite \u00e0 tous un tr\u00e8s bon \u00e9t\u00e9, plein de tournois pour certains d\u2019entre vous j\u2019en suis s\u00fbr, et je vous donne rendez vous \u00e0 la rentr\u00e9e pour une nouvelle saison que j\u2019esp\u00e8re toute aussi anim\u00e9e que celle-ci.<\/p>\n<p>Eric Delmotte<\/p>\n<p>Pr\u00e9sident de la Ligue des Echecs du Grand Est<\/p>\n<p>INFOLEGE #4 \u2013 <a href=\"http:\/\/ligueechecsgrandest.fr\/wp-content\/uploads\/2025\/07\/INFOLEGE-4.pdf\">Ici<\/a><\/p>\n<p>______________________________________________________________<\/p>\n","protected":false},"excerpt":{"rendered":"<p>Ch\u00e8res amies, Chers amis, Nous entrons dans la p\u00e9riode estivale et notre saison touche \u00e0 sa fin et combien de choses ont \u00e9t\u00e9 r\u00e9alis\u00e9es par la nouvelle \u00e9quipe en place. Je remercie tous mes colistiers pour leur implication et la &hellip; <a href=\"https:\/\/ligueechecsgrandest.fr\/?p=5272\">Continuer la lecture <span class=\"meta-nav\">&rarr;<\/span><\/a><\/p>\n","protected":false},"author":3,"featured_media":0,"comment_status":"closed","ping_status":"closed","sticky":false,"template":"","format":"standard","meta":{"_EventAllDay":false,"_EventTimezone":"","_EventStartDate":"","_EventEndDate":"","_EventStartDateUTC":"","_EventEndDateUTC":"","_EventShowMap":false,"_EventShowMapLink":false,"_EventURL":"","_EventCost":"","_EventCostDescription":"","_EventCurrencySymbol":"","_EventCurrencyCode":"","_EventCurrencyPosition":"","_EventDateTimeSeparator":"","_EventTimeRangeSeparator":"","_EventOrganizerID":[],"_EventVenueID":[],"_OrganizerEmail":"","_OrganizerPhone":"","_OrganizerWebsite":"","_VenueAddress":"","_VenueCity":"","_VenueCountry":"","_VenueProvince":"","_VenueState":"","_VenueZip":"","_VenuePhone":"","_VenueURL":"","_VenueStateProvince":"","_VenueLat":"","_VenueLng":"","_VenueShowMap":false,"_VenueShowMapLink":false,"footnotes":""},"categories":[1],"tags":[],"class_list":["post-5272","post","type-post","status-publish","format-standard","hentry","category-non-classe"],"aioseo_notices":[],"_links":{"self":[{"href":"https:\/\/ligueechecsgrandest.fr\/index.php?rest_route=\/wp\/v2\/posts\/5272","targetHints":{"allow":["GET"]}}],"collection":[{"href":"https:\/\/ligueechecsgrandest.fr\/index.php?rest_route=\/wp\/v2\/posts"}],"about":[{"href":"https:\/\/ligueechecsgrandest.fr\/index.php?rest_route=\/wp\/v2\/types\/post"}],"author":[{"embeddable":true,"href":"https:\/\/ligueechecsgrandest.fr\/index.php?rest_route=\/wp\/v2\/users\/3"}],"replies":[{"embeddable":true,"href":"https:\/\/ligueechecsgrandest.fr\/index.php?rest_route=%2Fwp%2Fv2%2Fcomments&post=5272"}],"version-history":[{"count":6,"href":"https:\/\/ligueechecsgrandest.fr\/index.php?rest_route=\/wp\/v2\/posts\/5272\/revisions"}],"predecessor-version":[{"id":5282,"href":"https:\/\/ligueechecsgrandest.fr\/index.php?rest_route=\/wp\/v2\/posts\/5272\/revisions\/5282"}],"wp:attachment":[{"href":"https:\/\/ligueechecsgrandest.fr\/index.php?rest_route=%2Fwp%2Fv2%2Fmedia&parent=5272"}],"wp:term":[{"taxonomy":"category","embeddable":true,"href":"https:\/\/ligueechecsgrandest.fr\/index.php?rest_route=%2Fwp%2Fv2%2Fcategories&post=5272"},{"taxonomy":"post_tag","embeddable":true,"href":"https:\/\/ligueechecsgrandest.fr\/index.php?rest_route=%2Fwp%2Fv2%2Ftags&post=5272"}],"curies":[{"name":"wp","href":"https:\/\/api.w.org\/{rel}","templated":true}]}}